{"id":153,"date":"2021-05-08T17:47:03","date_gmt":"2021-05-08T17:47:03","guid":{"rendered":"https:\/\/theelearninghub.net\/?p=153"},"modified":"2022-02-16T20:20:29","modified_gmt":"2022-02-16T20:20:29","slug":"the-elearning-talks-hablemos-de-microlearning","status":"publish","type":"post","link":"https:\/\/alumnelms.com\/recursos\/2021\/05\/the-elearning-talks-hablemos-de-microlearning\/","title":{"rendered":"The Elearning Talks: hablemos de microlearning"},"content":{"rendered":"\n<h2 class=\"wp-block-heading\">Estrenamos programa de podcast y lo hacemos analizando el microlearning como metodolog\u00eda para la formaci\u00f3n corporativa<\/h2>\n\n\n\n<p>En <a href=\"https:\/\/grupoalumne.com\">Alumne, The Knowledge Company<\/a>, seguimos experimentando, innovando y aprendiendo. En esta ocasi\u00f3n, nos hemos lanzado a <strong>realizar un programa de podcast quincenal<\/strong> en el que analizaremos y debatiremos diferentes cuestiones del mundo <em>e-learning<\/em>.<\/p>\n\n\n\n<p><a href=\"https:\/\/www.ivoox.com\/podcast-the-elearning-talks_sq_f11250429_1.html\">The Elearning Talks<\/a>&nbsp;est\u00e1 presentado <a href=\"https:\/\/www.linkedin.com\/in\/guillermogarciacubero\/?originalSubdomain=es\">Guillermo Garc\u00eda <\/a>y <a href=\"https:\/\/www.linkedin.com\/in\/martarodriguezcomunicacion\">Marta Rodr\u00edguez<\/a>, CEO y Responsable de Comunicaci\u00f3n de la compa\u00f1\u00eda, respectivamente. Cada uno de los episodios ofrecer\u00e1 <strong>oportunidades y consejos pr\u00e1cticos para que las empresas incrementen su productividad y la de sus empleados<\/strong>,&nbsp;a trav\u00e9s de las \u00faltimas innovaciones t\u00e9cnicas y metodol\u00f3gicas de formaci\u00f3n digital.<\/p>\n\n\n\n<p>Tanto <a href=\"https:\/\/www.ivoox.com\/escuchar-audios-the-elearning-talks_al_24923252_1.html?show=programs\">The Elearning Talks<\/a> como <a href=\"https:\/\/theelearninghub.net\/\">The Elearning Hub<\/a> persiguen el objetivo de ofrecer r<strong>ecursos interesantes y consejos&nbsp;de l\u00edderes y expertos en tem\u00e1ticas relacionadas con el EdTech aplicadas al \u00e1mbito profesional<\/strong>, como el <em>microlearning<\/em>, la gamificaci\u00f3n o el <em>storytelling<\/em>, metodolog\u00edas que buscan reinventar la manera de aprender.<\/p>\n\n\n\n<p>En el primer cap\u00edtulo del programa de podcast hablamos sobre una de las <strong>tendencias EdTech m\u00e1s populares de la actualidad<\/strong>, que ha protagonizado tambi\u00e9n las \u00faltimas publicaciones de este blog: <strong>el microlearning<\/strong>. Definimos este concepto, sus beneficios e inconvenientes como metodolog\u00eda y su aplicabilidad en el campo de la formaci\u00f3n corporativa. Tambi\u00e9n descubrimos m\u00e1s sobre <a href=\"https:\/\/theagileprogram.com\">The Agile Program<\/a>, el micro-m\u00e1ster de 6 meses sobre metodolog\u00edas \u00e1giles dedicando solo 15 minutos al d\u00eda, un caso de \u00e9xito de microlearning de Grupo Alumne, de la mano de su CEO. <\/p>\n\n\n\n<p><strong>\u00a1No te pierdas el primer episodio! Esc\u00fachalo aqu\u00ed:<\/strong><\/p>\n\n\n\n<iframe id='audio_69731929' frameborder='0' allowfullscreen='' scrolling='no' height='200' style='border:1px solid #EEE; box-sizing:border-box; width:100%;' src=\"https:\/\/www.ivoox.com\/player_ej_69731929_4_1.html?c1=ff6600\"><\/iframe>\n\n\n\n<p><strong>Suscr\u00edbete a&nbsp;The Elearning Talks para no perderte ning\u00fan cap\u00edtulo:&nbsp;<a href=\"https:\/\/www.ivoox.com\/podcast-the-elearning-talks_sq_f11250429_1.html\">https:\/\/www.ivoox.com\/podcast-the-elearning-talks_sq_f11250429_1.html<\/a><\/strong><\/p>\n","protected":false},"excerpt":{"rendered":"<p>Estrenamos programa de podcast y lo hacemos analizando el microlearning como metodolog\u00eda para la formaci\u00f3n corporativa En Alumne, The Knowledge Company, seguimos experimentando, innovando y aprendiendo. En esta ocasi\u00f3n, nos&#8230;<\/p>\n","protected":false},"author":2,"featured_media":157,"comment_status":"open","ping_status":"closed","sticky":false,"template":"","format":"standard","meta":{"_jetpack_memberships_contains_paid_content":false,"footnotes":"","jetpack_publicize_message":"","jetpack_publicize_feature_enabled":true,"jetpack_social_post_already_shared":true,"jetpack_social_options":{"image_generator_settings":{"template":"highway","default_image_id":0,"font":"","enabled":false},"version":2}},"categories":[2,77,7,6,103],"tags":[9,14,22,18,24,10,23],"class_list":["post-153","post","type-post","status-publish","format-standard","has-post-thumbnail","hentry","category-edtech","category-podcast","category-tecnologia","category-tendencias","category-todos","tag-edtech","tag-educacion","tag-empresas","tag-formacion","tag-online","tag-tecnologia","tag-tendencias"],"yoast_head":"<!-- This site is optimized with the Yoast SEO plugin v27.5 - https:\/\/yoast.com\/product\/yoast-seo-wordpress\/ -->\n<title>The Elearning Talks: hablemos de microlearning - Recursos - Alumne LMS<\/title>\n<meta name=\"robots\" content=\"index, follow, max-snippet:-1, max-image-preview:large, max-video-preview:-1\" \/>\n<link rel=\"canonical\" href=\"https:\/\/alumnelms.com\/recursos\/2021\/05\/the-elearning-talks-hablemos-de-microlearning\/\" \/>\n<meta property=\"og:locale\" content=\"es_ES\" \/>\n<meta property=\"og:type\" content=\"article\" \/>\n<meta property=\"og:title\" content=\"The Elearning Talks: hablemos de microlearning - Recursos - Alumne LMS\" \/>\n<meta property=\"og:description\" content=\"Estrenamos programa de podcast y lo hacemos analizando el microlearning como metodolog\u00eda para la formaci\u00f3n corporativa En Alumne, The Knowledge Company, seguimos experimentando, innovando y aprendiendo. En esta ocasi\u00f3n, nos...\" \/>\n<meta property=\"og:url\" content=\"https:\/\/alumnelms.com\/recursos\/2021\/05\/the-elearning-talks-hablemos-de-microlearning\/\" \/>\n<meta property=\"og:site_name\" content=\"Recursos - Alumne LMS\" \/>\n<meta property=\"article:published_time\" content=\"2021-05-08T17:47:03+00:00\" \/>\n<meta property=\"article:modified_time\" content=\"2022-02-16T20:20:29+00:00\" \/>\n<meta property=\"og:image\" content=\"https:\/\/alumnelms.com\/recursos\/wp-content\/uploads\/2021\/05\/Diseno-sin-titulo-6.png\" \/>\n\t<meta property=\"og:image:width\" content=\"6912\" \/>\n\t<meta property=\"og:image:height\" content=\"3456\" \/>\n\t<meta property=\"og:image:type\" content=\"image\/png\" \/>\n<meta name=\"author\" content=\"Alumne\" \/>\n<meta name=\"twitter:card\" content=\"summary_large_image\" \/>\n<meta name=\"twitter:label1\" content=\"Escrito por\" \/>\n\t<meta name=\"twitter:data1\" content=\"Alumne\" \/>\n\t<meta name=\"twitter:label2\" content=\"Tiempo de lectura\" \/>\n\t<meta name=\"twitter:data2\" content=\"1 minuto\" \/>\n<script type=\"application\/ld+json\" class=\"yoast-schema-graph\">{\"@context\":\"https:\\\/\\\/schema.org\",\"@graph\":[{\"@type\":\"Article\",\"@id\":\"https:\\\/\\\/alumnelms.com\\\/recursos\\\/2021\\\/05\\\/the-elearning-talks-hablemos-de-microlearning\\\/#article\",\"isPartOf\":{\"@id\":\"https:\\\/\\\/alumnelms.com\\\/recursos\\\/2021\\\/05\\\/the-elearning-talks-hablemos-de-microlearning\\\/\"},\"author\":{\"name\":\"Alumne\",\"@id\":\"https:\\\/\\\/alumnelms.com\\\/recursos\\\/#\\\/schema\\\/person\\\/83fff9f3593eb63379c792ad5d83ce0d\"},\"headline\":\"The Elearning Talks: hablemos de microlearning\",\"datePublished\":\"2021-05-08T17:47:03+00:00\",\"dateModified\":\"2022-02-16T20:20:29+00:00\",\"mainEntityOfPage\":{\"@id\":\"https:\\\/\\\/alumnelms.com\\\/recursos\\\/2021\\\/05\\\/the-elearning-talks-hablemos-de-microlearning\\\/\"},\"wordCount\":302,\"commentCount\":0,\"publisher\":{\"@id\":\"https:\\\/\\\/alumnelms.com\\\/recursos\\\/#organization\"},\"image\":{\"@id\":\"https:\\\/\\\/alumnelms.com\\\/recursos\\\/2021\\\/05\\\/the-elearning-talks-hablemos-de-microlearning\\\/#primaryimage\"},\"thumbnailUrl\":\"https:\\\/\\\/alumnelms.com\\\/recursos\\\/wp-content\\\/uploads\\\/2021\\\/05\\\/Diseno-sin-titulo-6.png\",\"keywords\":[\"EdTech\",\"educaci\u00f3n\",\"empresas\",\"formaci\u00f3n\",\"online\",\"Tecnolog\u00eda\",\"tendencias\"],\"articleSection\":[\"EdTech\",\"Podcast\",\"Tecnolog\u00eda\",\"Tendencias\",\"TODOS\"],\"inLanguage\":\"es\",\"potentialAction\":[{\"@type\":\"CommentAction\",\"name\":\"Comment\",\"target\":[\"https:\\\/\\\/alumnelms.com\\\/recursos\\\/2021\\\/05\\\/the-elearning-talks-hablemos-de-microlearning\\\/#respond\"]}]},{\"@type\":\"WebPage\",\"@id\":\"https:\\\/\\\/alumnelms.com\\\/recursos\\\/2021\\\/05\\\/the-elearning-talks-hablemos-de-microlearning\\\/\",\"url\":\"https:\\\/\\\/alumnelms.com\\\/recursos\\\/2021\\\/05\\\/the-elearning-talks-hablemos-de-microlearning\\\/\",\"name\":\"The Elearning Talks: hablemos de microlearning - Recursos - Alumne LMS\",\"isPartOf\":{\"@id\":\"https:\\\/\\\/alumnelms.com\\\/recursos\\\/#website\"},\"primaryImageOfPage\":{\"@id\":\"https:\\\/\\\/alumnelms.com\\\/recursos\\\/2021\\\/05\\\/the-elearning-talks-hablemos-de-microlearning\\\/#primaryimage\"},\"image\":{\"@id\":\"https:\\\/\\\/alumnelms.com\\\/recursos\\\/2021\\\/05\\\/the-elearning-talks-hablemos-de-microlearning\\\/#primaryimage\"},\"thumbnailUrl\":\"https:\\\/\\\/alumnelms.com\\\/recursos\\\/wp-content\\\/uploads\\\/2021\\\/05\\\/Diseno-sin-titulo-6.png\",\"datePublished\":\"2021-05-08T17:47:03+00:00\",\"dateModified\":\"2022-02-16T20:20:29+00:00\",\"breadcrumb\":{\"@id\":\"https:\\\/\\\/alumnelms.com\\\/recursos\\\/2021\\\/05\\\/the-elearning-talks-hablemos-de-microlearning\\\/#breadcrumb\"},\"inLanguage\":\"es\",\"potentialAction\":[{\"@type\":\"ReadAction\",\"target\":[\"https:\\\/\\\/alumnelms.com\\\/recursos\\\/2021\\\/05\\\/the-elearning-talks-hablemos-de-microlearning\\\/\"]}]},{\"@type\":\"ImageObject\",\"inLanguage\":\"es\",\"@id\":\"https:\\\/\\\/alumnelms.com\\\/recursos\\\/2021\\\/05\\\/the-elearning-talks-hablemos-de-microlearning\\\/#primaryimage\",\"url\":\"https:\\\/\\\/alumnelms.com\\\/recursos\\\/wp-content\\\/uploads\\\/2021\\\/05\\\/Diseno-sin-titulo-6.png\",\"contentUrl\":\"https:\\\/\\\/alumnelms.com\\\/recursos\\\/wp-content\\\/uploads\\\/2021\\\/05\\\/Diseno-sin-titulo-6.png\",\"width\":6912,\"height\":3456,\"caption\":\"The Elearning Talks: hablemos de microlearning\"},{\"@type\":\"BreadcrumbList\",\"@id\":\"https:\\\/\\\/alumnelms.com\\\/recursos\\\/2021\\\/05\\\/the-elearning-talks-hablemos-de-microlearning\\\/#breadcrumb\",\"itemListElement\":[{\"@type\":\"ListItem\",\"position\":1,\"name\":\"Portada\",\"item\":\"https:\\\/\\\/alumnelms.com\\\/recursos\\\/\"},{\"@type\":\"ListItem\",\"position\":2,\"name\":\"The Elearning Talks: hablemos de microlearning\"}]},{\"@type\":\"WebSite\",\"@id\":\"https:\\\/\\\/alumnelms.com\\\/recursos\\\/#website\",\"url\":\"https:\\\/\\\/alumnelms.com\\\/recursos\\\/\",\"name\":\"Recursos - Alumne LMS\",\"description\":\"# EdTech para todos\",\"publisher\":{\"@id\":\"https:\\\/\\\/alumnelms.com\\\/recursos\\\/#organization\"},\"potentialAction\":[{\"@type\":\"SearchAction\",\"target\":{\"@type\":\"EntryPoint\",\"urlTemplate\":\"https:\\\/\\\/alumnelms.com\\\/recursos\\\/?s={search_term_string}\"},\"query-input\":{\"@type\":\"PropertyValueSpecification\",\"valueRequired\":true,\"valueName\":\"search_term_string\"}}],\"inLanguage\":\"es\"},{\"@type\":\"Organization\",\"@id\":\"https:\\\/\\\/alumnelms.com\\\/recursos\\\/#organization\",\"name\":\"Recursos - Alumne LMS\",\"url\":\"https:\\\/\\\/alumnelms.com\\\/recursos\\\/\",\"logo\":{\"@type\":\"ImageObject\",\"inLanguage\":\"es\",\"@id\":\"https:\\\/\\\/alumnelms.com\\\/recursos\\\/#\\\/schema\\\/logo\\\/image\\\/\",\"url\":\"https:\\\/\\\/alumnelms.com\\\/recursos\\\/wp-content\\\/uploads\\\/2025\\\/03\\\/cropped-logo_login.png\",\"contentUrl\":\"https:\\\/\\\/alumnelms.com\\\/recursos\\\/wp-content\\\/uploads\\\/2025\\\/03\\\/cropped-logo_login.png\",\"width\":220,\"height\":100,\"caption\":\"Recursos - Alumne LMS\"},\"image\":{\"@id\":\"https:\\\/\\\/alumnelms.com\\\/recursos\\\/#\\\/schema\\\/logo\\\/image\\\/\"}},{\"@type\":\"Person\",\"@id\":\"https:\\\/\\\/alumnelms.com\\\/recursos\\\/#\\\/schema\\\/person\\\/83fff9f3593eb63379c792ad5d83ce0d\",\"name\":\"Alumne\",\"url\":\"https:\\\/\\\/alumnelms.com\\\/recursos\\\/author\\\/marta\\\/\"}]}<\/script>\n<!-- \/ Yoast SEO plugin. -->","yoast_head_json":{"title":"The Elearning Talks: hablemos de microlearning - Recursos - Alumne LMS","robots":{"index":"index","follow":"follow","max-snippet":"max-snippet:-1","max-image-preview":"max-image-preview:large","max-video-preview":"max-video-preview:-1"},"canonical":"https:\/\/alumnelms.com\/recursos\/2021\/05\/the-elearning-talks-hablemos-de-microlearning\/","og_locale":"es_ES","og_type":"article","og_title":"The Elearning Talks: hablemos de microlearning - Recursos - Alumne LMS","og_description":"Estrenamos programa de podcast y lo hacemos analizando el microlearning como metodolog\u00eda para la formaci\u00f3n corporativa En Alumne, The Knowledge Company, seguimos experimentando, innovando y aprendiendo. En esta ocasi\u00f3n, nos...","og_url":"https:\/\/alumnelms.com\/recursos\/2021\/05\/the-elearning-talks-hablemos-de-microlearning\/","og_site_name":"Recursos - Alumne LMS","article_published_time":"2021-05-08T17:47:03+00:00","article_modified_time":"2022-02-16T20:20:29+00:00","og_image":[{"width":6912,"height":3456,"url":"https:\/\/alumnelms.com\/recursos\/wp-content\/uploads\/2021\/05\/Diseno-sin-titulo-6.png","type":"image\/png"}],"author":"Alumne","twitter_card":"summary_large_image","twitter_misc":{"Escrito por":"Alumne","Tiempo de lectura":"1 minuto"},"schema":{"@context":"https:\/\/schema.org","@graph":[{"@type":"Article","@id":"https:\/\/alumnelms.com\/recursos\/2021\/05\/the-elearning-talks-hablemos-de-microlearning\/#article","isPartOf":{"@id":"https:\/\/alumnelms.com\/recursos\/2021\/05\/the-elearning-talks-hablemos-de-microlearning\/"},"author":{"name":"Alumne","@id":"https:\/\/alumnelms.com\/recursos\/#\/schema\/person\/83fff9f3593eb63379c792ad5d83ce0d"},"headline":"The Elearning Talks: hablemos de microlearning","datePublished":"2021-05-08T17:47:03+00:00","dateModified":"2022-02-16T20:20:29+00:00","mainEntityOfPage":{"@id":"https:\/\/alumnelms.com\/recursos\/2021\/05\/the-elearning-talks-hablemos-de-microlearning\/"},"wordCount":302,"commentCount":0,"publisher":{"@id":"https:\/\/alumnelms.com\/recursos\/#organization"},"image":{"@id":"https:\/\/alumnelms.com\/recursos\/2021\/05\/the-elearning-talks-hablemos-de-microlearning\/#primaryimage"},"thumbnailUrl":"https:\/\/alumnelms.com\/recursos\/wp-content\/uploads\/2021\/05\/Diseno-sin-titulo-6.png","keywords":["EdTech","educaci\u00f3n","empresas","formaci\u00f3n","online","Tecnolog\u00eda","tendencias"],"articleSection":["EdTech","Podcast","Tecnolog\u00eda","Tendencias","TODOS"],"inLanguage":"es","potentialAction":[{"@type":"CommentAction","name":"Comment","target":["https:\/\/alumnelms.com\/recursos\/2021\/05\/the-elearning-talks-hablemos-de-microlearning\/#respond"]}]},{"@type":"WebPage","@id":"https:\/\/alumnelms.com\/recursos\/2021\/05\/the-elearning-talks-hablemos-de-microlearning\/","url":"https:\/\/alumnelms.com\/recursos\/2021\/05\/the-elearning-talks-hablemos-de-microlearning\/","name":"The Elearning Talks: hablemos de microlearning - Recursos - Alumne LMS","isPartOf":{"@id":"https:\/\/alumnelms.com\/recursos\/#website"},"primaryImageOfPage":{"@id":"https:\/\/alumnelms.com\/recursos\/2021\/05\/the-elearning-talks-hablemos-de-microlearning\/#primaryimage"},"image":{"@id":"https:\/\/alumnelms.com\/recursos\/2021\/05\/the-elearning-talks-hablemos-de-microlearning\/#primaryimage"},"thumbnailUrl":"https:\/\/alumnelms.com\/recursos\/wp-content\/uploads\/2021\/05\/Diseno-sin-titulo-6.png","datePublished":"2021-05-08T17:47:03+00:00","dateModified":"2022-02-16T20:20:29+00:00","breadcrumb":{"@id":"https:\/\/alumnelms.com\/recursos\/2021\/05\/the-elearning-talks-hablemos-de-microlearning\/#breadcrumb"},"inLanguage":"es","potentialAction":[{"@type":"ReadAction","target":["https:\/\/alumnelms.com\/recursos\/2021\/05\/the-elearning-talks-hablemos-de-microlearning\/"]}]},{"@type":"ImageObject","inLanguage":"es","@id":"https:\/\/alumnelms.com\/recursos\/2021\/05\/the-elearning-talks-hablemos-de-microlearning\/#primaryimage","url":"https:\/\/alumnelms.com\/recursos\/wp-content\/uploads\/2021\/05\/Diseno-sin-titulo-6.png","contentUrl":"https:\/\/alumnelms.com\/recursos\/wp-content\/uploads\/2021\/05\/Diseno-sin-titulo-6.png","width":6912,"height":3456,"caption":"The Elearning Talks: hablemos de microlearning"},{"@type":"BreadcrumbList","@id":"https:\/\/alumnelms.com\/recursos\/2021\/05\/the-elearning-talks-hablemos-de-microlearning\/#breadcrumb","itemListElement":[{"@type":"ListItem","position":1,"name":"Portada","item":"https:\/\/alumnelms.com\/recursos\/"},{"@type":"ListItem","position":2,"name":"The Elearning Talks: hablemos de microlearning"}]},{"@type":"WebSite","@id":"https:\/\/alumnelms.com\/recursos\/#website","url":"https:\/\/alumnelms.com\/recursos\/","name":"Recursos - Alumne LMS","description":"# EdTech para todos","publisher":{"@id":"https:\/\/alumnelms.com\/recursos\/#organization"},"potentialAction":[{"@type":"SearchAction","target":{"@type":"EntryPoint","urlTemplate":"https:\/\/alumnelms.com\/recursos\/?s={search_term_string}"},"query-input":{"@type":"PropertyValueSpecification","valueRequired":true,"valueName":"search_term_string"}}],"inLanguage":"es"},{"@type":"Organization","@id":"https:\/\/alumnelms.com\/recursos\/#organization","name":"Recursos - Alumne LMS","url":"https:\/\/alumnelms.com\/recursos\/","logo":{"@type":"ImageObject","inLanguage":"es","@id":"https:\/\/alumnelms.com\/recursos\/#\/schema\/logo\/image\/","url":"https:\/\/alumnelms.com\/recursos\/wp-content\/uploads\/2025\/03\/cropped-logo_login.png","contentUrl":"https:\/\/alumnelms.com\/recursos\/wp-content\/uploads\/2025\/03\/cropped-logo_login.png","width":220,"height":100,"caption":"Recursos - Alumne LMS"},"image":{"@id":"https:\/\/alumnelms.com\/recursos\/#\/schema\/logo\/image\/"}},{"@type":"Person","@id":"https:\/\/alumnelms.com\/recursos\/#\/schema\/person\/83fff9f3593eb63379c792ad5d83ce0d","name":"Alumne","url":"https:\/\/alumnelms.com\/recursos\/author\/marta\/"}]}},"jetpack_publicize_connections":[],"jetpack_featured_media_url":"https:\/\/alumnelms.com\/recursos\/wp-content\/uploads\/2021\/05\/Diseno-sin-titulo-6.png","jetpack_sharing_enabled":true,"_links":{"self":[{"href":"https:\/\/alumnelms.com\/recursos\/wp-json\/wp\/v2\/posts\/153","targetHints":{"allow":["GET"]}}],"collection":[{"href":"https:\/\/alumnelms.com\/recursos\/wp-json\/wp\/v2\/posts"}],"about":[{"href":"https:\/\/alumnelms.com\/recursos\/wp-json\/wp\/v2\/types\/post"}],"author":[{"embeddable":true,"href":"https:\/\/alumnelms.com\/recursos\/wp-json\/wp\/v2\/users\/2"}],"replies":[{"embeddable":true,"href":"https:\/\/alumnelms.com\/recursos\/wp-json\/wp\/v2\/comments?post=153"}],"version-history":[{"count":8,"href":"https:\/\/alumnelms.com\/recursos\/wp-json\/wp\/v2\/posts\/153\/revisions"}],"predecessor-version":[{"id":269,"href":"https:\/\/alumnelms.com\/recursos\/wp-json\/wp\/v2\/posts\/153\/revisions\/269"}],"wp:featuredmedia":[{"embeddable":true,"href":"https:\/\/alumnelms.com\/recursos\/wp-json\/wp\/v2\/media\/157"}],"wp:attachment":[{"href":"https:\/\/alumnelms.com\/recursos\/wp-json\/wp\/v2\/media?parent=153"}],"wp:term":[{"taxonomy":"category","embeddable":true,"href":"https:\/\/alumnelms.com\/recursos\/wp-json\/wp\/v2\/categories?post=153"},{"taxonomy":"post_tag","embeddable":true,"href":"https:\/\/alumnelms.com\/recursos\/wp-json\/wp\/v2\/tags?post=153"}],"curies":[{"name":"wp","href":"https:\/\/api.w.org\/{rel}","templated":true}]}}